{"covers": [2274973], "key": "/works/OL4663129W", "authors": [{"author": {"key": "/authors/OL959397A"}, "type": {"key": "/type/author_role"}}], "title": "John Batho. Histoire de couleurs 1962-2015", "subjects": ["Artistic Photography", "Color photography", "Exhibitions", "Luci ed ombre"], "subject_people": ["John Batho"], "type": {"key": "/type/work"}, "description": {"type": "/type/text", "value": "John Batho  photographie depuis 1961. Il s'est engag\u00e9 dans la couleur en 1963 comme sur un territoire \u00e0 investir. La couleur est alors consid\u00e9r\u00e9e comme une \"convive ind\u00e9sirable\" et il sera de ceux qui feront bouger les positions. \u00c0 cette \u00e9poque, la photographie couleur est commerciale, r\u00e9serv\u00e9e \u00e0 la mode et \u00e0 la publicit\u00e9, ou aux pratiques amateurs comme les photographies de famille ou de vacances. Mais pour lui, le noir et blanc concentre mais aussi r\u00e9duit l'image aux rapports de valeur. Il pr\u00e9f\u00e8re la couleur parce qu'avec elle, l'image lui semble plus vivante, plus compl\u00e8te.\r\n\r\n\"La pr\u00e9sence physique de la couleur, la joie qu'elle me procure est au c\u0153ur de mes pr\u00e9occupations. La couleur participe de ce que je vois, j'ai donc photographi\u00e9 en tenant compte de sa pr\u00e9sence dans l'\u00e9paisseur mat\u00e9rielle des choses\". John Batho\r\n\r\nCatalogue de l'exposition \"John Batho. Histoire de couleurs\". Mus\u00e9e de Normandie, du 16 avril au 26 septembre 2016."}, "links": [{"title": "Mus\u00e9e de Normandie", "url": "https://musee-de-normandie.caen.fr/publication/john-batho", "type": {"key": "/type/link"}}], "latest_revision": 9, "revision": 9, "created": {"type": "/type/datetime", "value": "2009-12-10T07:06:06.959707"}, "last_modified": {"type": "/type/datetime", "value": "2024-02-10T10:27:00.686398"}}